{"id":174,"__str__":"Resolu\u00e7\u00e3o n\u00ba 687, de 14 de novembro de 2019","link_detail_backend":"/norma/174","metadata":{},"texto_integral":"http://sapl.miguelpereira.rj.leg.br/media/sapl/public/normajuridica/2019/174/re_687_2019.pdf","numero":"687","ano":2019,"esfera_federacao":"M","data":"2019-11-14","data_publicacao":"2019-11-18","veiculo_publicacao":"BIM N\u00ba 510","pagina_inicio_publicacao":null,"pagina_fim_publicacao":null,"ementa":"Autoriza a viagem dos vereadores Cl\u00e9ber Ferreira e Vitor Ralha para a cidade de Bras\u00edlia/DF, para tratar de assuntos de interesse do Munic\u00edpio e d\u00e1 outras provid\u00eancias.","indexacao":"","observacao":"","complemento":false,"data_vigencia":null,"timestamp":"2019-11-19T17:13:53.380696-03:00","data_ultima_atualizacao":"2019-11-19T17:13:53.473269-03:00","ip":"","ultima_edicao":null,"tipo":7,"materia":298,"orgao":null,"user":null,"assuntos":[9],"autores":[]}