{"id":15672,"__str__":"Mo\u00e7\u00e3o n\u00ba 23 de 2025 | Proposi\u00e7\u00e3o inclusa na Ordem do Dia | 05/06/2025","link_detail_backend":"/materia/tramitacao/15672","metadata":{},"timestamp":"2025-06-05T18:07:47.341194-03:00","data_tramitacao":"2025-06-05","data_encaminhamento":"2025-06-05","urgente":false,"turno":"","texto":"Para discuss\u00e3o e vota\u00e7\u00e3o \u00fanica.","data_fim_prazo":"2025-06-05","ip":"170.233.105.47","ultima_edicao":"2025-06-05T17:54:11.085653-03:00","status":18,"materia":9826,"unidade_tramitacao_local":3,"unidade_tramitacao_destino":3,"user":43}