{"id":9826,"__str__":"Mo\u00e7\u00e3o n\u00ba 23 de 2025","link_detail_backend":"/materia/9826","metadata":{},"numero":23,"ano":2025,"numero_protocolo":153,"data_apresentacao":"2025-06-05","tipo_apresentacao":"E","data_publicacao":null,"numero_origem_externa":"","ano_origem_externa":null,"data_origem_externa":null,"apelido":"","dias_prazo":null,"data_fim_prazo":null,"em_tramitacao":false,"polemica":false,"objeto":"","complementar":false,"ementa":"Mo\u00e7\u00e3o de Aplausos encaminhada aos empres\u00e1rios Leo Valente Silva e Natalia Vieira Pereira pela inaugura\u00e7\u00e3o da Farm\u00e1cia Nossa Senhora da Gl\u00f3ria.","indexacao":"","observacao":"","resultado":"","texto_original":"http://sapl.miguelpereira.rj.leg.br/media/sapl/public/materialegislativa/2025/9826/moc_023_2025_kiki.pdf","data_ultima_atualizacao":"2025-06-06T08:35:27.222223-03:00","ip":"170.233.105.50","ultima_edicao":"2025-06-06T08:35:27.048601-03:00","tipo":8,"regime_tramitacao":1,"tipo_origem_externa":null,"local_origem_externa":null,"user":44,"anexadas":[],"autores":[9]}