{"id":9745,"__str__":"Mensagem n\u00ba 28 de 2025","link_detail_backend":"/materia/9745","metadata":{},"numero":28,"ano":2025,"numero_protocolo":92,"data_apresentacao":"2025-04-17","tipo_apresentacao":"E","data_publicacao":null,"numero_origem_externa":"","ano_origem_externa":null,"data_origem_externa":null,"apelido":"","dias_prazo":null,"data_fim_prazo":null,"em_tramitacao":false,"polemica":false,"objeto":"","complementar":false,"ementa":"Encaminha, em car\u00e1ter de urg\u00eancia, Projeto de Lei Complementar que cria cargos de provimento efetivo no Quadro de Pessoal de Servidores do Munic\u00edpio de Miguel Pereira e d\u00e1 outras provid\u00eancias.","indexacao":"","observacao":"Trata-se de solicita\u00e7\u00e3o das Secretarias Municipais de Sa\u00fade, Educa\u00e7\u00e3o, Desenvolvimento Social, Direitos Humanos e Habita\u00e7\u00e3o, Fazenda, Planejamento e Finan\u00e7as, Administra\u00e7\u00e3o e Recursos Humanos, para fins de realiza\u00e7\u00e3o de Concurso P\u00fablico, para provimento de cargos efetivos necess\u00e1rios para composi\u00e7\u00e3o do Quadro de Pessoal Permanente.","resultado":"","texto_original":"http://sapl.miguelpereira.rj.leg.br/media/sapl/public/materialegislativa/2025/9745/msg_028_2025.pdf","data_ultima_atualizacao":"2025-05-13T16:59:49.284177-03:00","ip":"170.233.105.198","ultima_edicao":"2025-04-29T13:25:35.464945-03:00","tipo":18,"regime_tramitacao":3,"tipo_origem_externa":null,"local_origem_externa":null,"user":44,"anexadas":[],"autores":[140]}