{"id":9108,"__str__":"Projeto de Lei Complementar n\u00ba 124 de 2024","link_detail_backend":"/materia/9108","metadata":{},"numero":124,"ano":2024,"numero_protocolo":null,"data_apresentacao":"2024-07-04","tipo_apresentacao":"E","data_publicacao":null,"numero_origem_externa":"","ano_origem_externa":null,"data_origem_externa":null,"apelido":"","dias_prazo":null,"data_fim_prazo":null,"em_tramitacao":false,"polemica":false,"objeto":"","complementar":false,"ementa":"Disp\u00f5e sobre o Quadro de Pessoal Permanente e d\u00e1 outras provid\u00eancias.","indexacao":"Cargo: Terapeuta Ocupacional - 2 vagas.","observacao":"Trata-se de proposi\u00e7\u00e3o legislativa que cria no Quadro de Lota\u00e7\u00e3o de Pessoal Permanente o cargo de Terapeuta Ocupacional, visando atender a demanda de pacientes que frequentam a Oficina Terap\u00eautica do Centro de Aten\u00e7\u00e3o Psicossocial e outros pacientes que utilizam o atendimento de Servi\u00e7os Especializados de Sa\u00fade, a fim de contribuir na melhoria dos usu\u00e1rios que possuem limita\u00e7\u00f5es f\u00edsicas, sensoriais e sociais geradas por diversas patologias e comprometimentos.","resultado":"","texto_original":"http://sapl.miguelpereira.rj.leg.br/media/sapl/public/materialegislativa/2024/9108/plc_124_2024_executivo.pdf","data_ultima_atualizacao":"2025-03-11T13:51:39.657598-03:00","ip":"170.233.104.93","ultima_edicao":"2025-03-11T13:51:37.973550-03:00","tipo":2,"regime_tramitacao":3,"tipo_origem_externa":null,"local_origem_externa":null,"user":44,"anexadas":[9100],"autores":[116]}