{"id":8902,"__str__":"Mensagem n\u00ba 30 de 2024","link_detail_backend":"/materia/8902","metadata":{},"numero":30,"ano":2024,"numero_protocolo":57,"data_apresentacao":"2024-03-07","tipo_apresentacao":"E","data_publicacao":null,"numero_origem_externa":"","ano_origem_externa":null,"data_origem_externa":null,"apelido":"","dias_prazo":null,"data_fim_prazo":null,"em_tramitacao":false,"polemica":false,"objeto":"","complementar":false,"ementa":"Encaminha Projeto de Lei que autoriza o Poder Executivo a incluir no Or\u00e7amento o Fundo Municipal de Fomento Audiovisual e abrir Cr\u00e9dito Adicional Especial, no valor de R$ 870.783,00.","indexacao":"","observacao":"O presente cr\u00e9dito tem como objetivo a inclus\u00e3o do Fundo Municipal de Fomento Audiovisual e o Projeto de Promo\u00e7\u00e3o e Entretenimento no Or\u00e7amento de 2024, deste Munic\u00edpio.","resultado":"","texto_original":"http://sapl.miguelpereira.rj.leg.br/media/sapl/public/materialegislativa/2024/8902/msg_030_2024_.pdf","data_ultima_atualizacao":"2024-08-06T14:37:32.213201-03:00","ip":"170.233.104.235","ultima_edicao":"2024-03-15T12:22:07.378479-03:00","tipo":18,"regime_tramitacao":3,"tipo_origem_externa":null,"local_origem_externa":null,"user":44,"anexadas":[],"autores":[116]}