{"id":8875,"__str__":"Projeto de Lei Complementar n\u00ba 27 de 2024","link_detail_backend":"/materia/8875","metadata":{},"numero":27,"ano":2024,"numero_protocolo":null,"data_apresentacao":"2024-02-26","tipo_apresentacao":"E","data_publicacao":null,"numero_origem_externa":"","ano_origem_externa":null,"data_origem_externa":null,"apelido":"","dias_prazo":null,"data_fim_prazo":null,"em_tramitacao":false,"polemica":false,"objeto":"","complementar":false,"ementa":"Disp\u00f5e sobre o Quadro de Lota\u00e7\u00e3o do Magist\u00e9rio P\u00fablico Municipal, e d\u00e1 outras provid\u00eancias.","indexacao":"Professor II - Ingl\u00eas (2 vagas)\r\nProfessor II - Geografia (2 vagas)\r\nProfessor II - Hist\u00f3ria (2 vagas)\r\nProfessor II - Educa\u00e7\u00e3o F\u00edsica (1 vaga)","observacao":"Trata-se de proposi\u00e7\u00e3o legislativa que aumenta vagas no \u00e2mbito do quadro de provimento efetivo da Secretaria Municipal de Educa\u00e7\u00e3o para atender \u00e0 crescente demanda no \u00e2mbito da rede municipal de ensino.\r\n\r\nO projeto atende aos requisitos da Lei de Responsabilidade Fiscal e est\u00e1 adequado \u00e0s diretrizes or\u00e7ament\u00e1rias do Munic\u00edpio, na forma do impacto apresentado em anexo.","resultado":"","texto_original":"http://sapl.miguelpereira.rj.leg.br/media/sapl/public/materialegislativa/2024/8875/plc_027_2024_executivo.pdf","data_ultima_atualizacao":"2024-08-06T14:29:38.062985-03:00","ip":"170.233.105.255","ultima_edicao":"2024-08-06T14:29:37.588104-03:00","tipo":2,"regime_tramitacao":3,"tipo_origem_externa":null,"local_origem_externa":null,"user":44,"anexadas":[8873],"autores":[116]}