{"id":8872,"__str__":"Projeto de Lei Complementar n\u00ba 24 de 2024","link_detail_backend":"/materia/8872","metadata":{},"numero":24,"ano":2024,"numero_protocolo":null,"data_apresentacao":"2024-02-22","tipo_apresentacao":"E","data_publicacao":null,"numero_origem_externa":"","ano_origem_externa":null,"data_origem_externa":null,"apelido":"","dias_prazo":null,"data_fim_prazo":null,"em_tramitacao":false,"polemica":false,"objeto":"","complementar":false,"ementa":"Disp\u00f5e sobre o Quadro de Pessoal Permanente e d\u00e1 outras provid\u00eancias.","indexacao":"M\u00e9dico Cl\u00ednico Geral - ESF (8 vagas)\r\nEnfermeiro - ESF (3 vagas)\r\nT\u00e9cnico em Enfermagem - ESF (4 vagas)\r\nCirurgi\u00e3o Dentista - ESF (5 vagas)\r\nAuxiliar de Consult\u00f3rio Dent\u00e1rio - ESF (1 vaga)","observacao":"Trata-se de proposi\u00e7\u00e3o legislativa que aumenta vagas no \u00e2mbito do quadro de provimento efetivo da Secretaria Municipal de Sa\u00fade para atendimento das legisla\u00e7\u00f5es vigentes e a grande demanda de pacientes no Sistema \u00danico de Sa\u00fade, conforme justificativas nas comunica\u00e7\u00f5es internas n.\u00ba 014/2024/ESF e n.\u00ba 07/24/DSO.\r\n\r\nO projeto atende aos requisitos da Lei de Responsabilidade Fiscal e est\u00e1 adequado \u00e0s diretrizes or\u00e7ament\u00e1rias do Munic\u00edpio, na forma do impacto apresentado em anexo.","resultado":"","texto_original":"http://sapl.miguelpereira.rj.leg.br/media/sapl/public/materialegislativa/2024/8872/plc_024_2024_executivo.pdf","data_ultima_atualizacao":"2024-08-06T14:28:25.309433-03:00","ip":"170.233.105.255","ultima_edicao":"2024-08-06T14:28:23.681846-03:00","tipo":2,"regime_tramitacao":3,"tipo_origem_externa":null,"local_origem_externa":null,"user":44,"anexadas":[8867],"autores":[116]}