{"id":8871,"__str__":"Projeto de Lei Complementar n\u00ba 25 de 2024","link_detail_backend":"/materia/8871","metadata":{},"numero":25,"ano":2024,"numero_protocolo":null,"data_apresentacao":"2024-02-22","tipo_apresentacao":"E","data_publicacao":null,"numero_origem_externa":"","ano_origem_externa":null,"data_origem_externa":null,"apelido":"","dias_prazo":null,"data_fim_prazo":null,"em_tramitacao":false,"polemica":false,"objeto":"","complementar":false,"ementa":"Altera dispositivos da Lei Complementar n.\u00ba 241, de 15 de maio de 2017, d\u00e1 outras provid\u00eancias.","indexacao":"","observacao":"Trata-se de proposi\u00e7\u00e3o legislativa que altera as atribui\u00e7\u00f5es dos cargos de Cirurgi\u00e3o Dentista \u2013 ESF e de Auxiliar de Consult\u00f3rio Dent\u00e1rio \u2013 ESF, a fim de garantir o acesso ao tratamento odontol\u00f3gico ofertado pela Aten\u00e7\u00e3o Prim\u00e1ria no Sistema \u00danico de Sa\u00fade, seguindo as diretrizes do Caderno de Aten\u00e7\u00e3o B\u00e1sica n.\u00ba 17, que orienta a organiza\u00e7\u00e3o da Sa\u00fade Bucal na Aten\u00e7\u00e3o B\u00e1sica.","resultado":"","texto_original":"http://sapl.miguelpereira.rj.leg.br/media/sapl/public/materialegislativa/2024/8871/plc_025_2024_executivo.pdf","data_ultima_atualizacao":"2024-08-06T14:28:35.446865-03:00","ip":"170.233.105.255","ultima_edicao":"2024-08-06T14:28:34.780475-03:00","tipo":2,"regime_tramitacao":3,"tipo_origem_externa":null,"local_origem_externa":null,"user":44,"anexadas":[8869],"autores":[116]}