{"id":8869,"__str__":"Mensagem n\u00ba 23 de 2024","link_detail_backend":"/materia/8869","metadata":{},"numero":23,"ano":2024,"numero_protocolo":32,"data_apresentacao":"2024-02-22","tipo_apresentacao":"E","data_publicacao":null,"numero_origem_externa":"","ano_origem_externa":null,"data_origem_externa":null,"apelido":"","dias_prazo":null,"data_fim_prazo":null,"em_tramitacao":false,"polemica":false,"objeto":"","complementar":false,"ementa":"Encaminha, em car\u00e1ter de urg\u00eancia, Projeto de Lei Complementar que  altera dispositivos da Lei Complementar n.\u00ba 241, de 15 de maio de 2017, d\u00e1 outras provid\u00eancias.","indexacao":"","observacao":"Trata-se de proposi\u00e7\u00e3o legislativa que altera as atribui\u00e7\u00f5es dos cargos de Cirurgi\u00e3o Dentista \u2013 ESF e de Auxiliar de Consult\u00f3rio Dent\u00e1rio \u2013 ESF, a fim de garantir o acesso ao tratamento odontol\u00f3gico ofertado pela Aten\u00e7\u00e3o Prim\u00e1ria no Sistema \u00danico de Sa\u00fade, seguindo as diretrizes do Caderno de Aten\u00e7\u00e3o B\u00e1sica n.\u00ba 17, que orienta a organiza\u00e7\u00e3o da Sa\u00fade Bucal na Aten\u00e7\u00e3o B\u00e1sica.","resultado":"","texto_original":"http://sapl.miguelpereira.rj.leg.br/media/sapl/public/materialegislativa/2024/8869/msg_023_2024.pdf","data_ultima_atualizacao":"2024-08-06T14:28:35.177803-03:00","ip":"170.233.104.254","ultima_edicao":"2024-02-22T16:05:47.480901-03:00","tipo":18,"regime_tramitacao":3,"tipo_origem_externa":null,"local_origem_externa":null,"user":44,"anexadas":[],"autores":[116]}