{"id":8753,"__str__":"Projeto de Lei Ordin\u00e1ria n\u00ba 267 de 2023","link_detail_backend":"/materia/8753","metadata":{},"numero":267,"ano":2023,"numero_protocolo":null,"data_apresentacao":"2023-12-11","tipo_apresentacao":"E","data_publicacao":null,"numero_origem_externa":"","ano_origem_externa":null,"data_origem_externa":null,"apelido":"","dias_prazo":null,"data_fim_prazo":null,"em_tramitacao":false,"polemica":false,"objeto":"","complementar":false,"ementa":"Autoriza o Executivo a abrir Cr\u00e9dito Adicional Suplementar no Or\u00e7amento da Seguridade Social da Prefeitura Municipal de Miguel Pereira, no valor de R$ 380.671,00, em favor do Fundo Municipal de Sa\u00fade.","indexacao":"","observacao":"O presente cr\u00e9dito tem como objetivo a aquisi\u00e7\u00e3o de equipamentos e material permanente, para a Estrutura\u00e7\u00e3o de Unidades de Aten\u00e7\u00e3o B\u00e1sica em Sa\u00fade.","resultado":"","texto_original":"http://sapl.miguelpereira.rj.leg.br/media/sapl/public/materialegislativa/2023/8753/plo_267_2023_executivo.pdf","data_ultima_atualizacao":"2024-03-04T15:48:19.729181-03:00","ip":"170.233.105.76","ultima_edicao":"2024-03-04T15:48:19.147920-03:00","tipo":3,"regime_tramitacao":3,"tipo_origem_externa":null,"local_origem_externa":null,"user":44,"anexadas":[8745],"autores":[116]}