{"id":8234,"__str__":"Anteprojeto de Lei n\u00ba 3 de 2023","link_detail_backend":"/materia/8234","metadata":{},"numero":3,"ano":2023,"numero_protocolo":50,"data_apresentacao":"2023-03-20","tipo_apresentacao":"","data_publicacao":null,"numero_origem_externa":"","ano_origem_externa":null,"data_origem_externa":null,"apelido":"","dias_prazo":null,"data_fim_prazo":null,"em_tramitacao":false,"polemica":false,"objeto":"","complementar":false,"ementa":"Disp\u00f5e sobre a presen\u00e7a de bombeiros civis nas edifica\u00e7\u00f5es, \u00e1reas de risco ou eventos de grande concentra\u00e7\u00e3o p\u00fablica no \u00e2mbito do Munic\u00edpio de Miguel Pereira e d\u00e1 outras provid\u00eancias.","indexacao":"","observacao":"","resultado":"","texto_original":"http://sapl.miguelpereira.rj.leg.br/media/sapl/public/materialegislativa/2023/8234/apl_003_2023_marquinho_vitor.pdf","data_ultima_atualizacao":"2023-03-21T13:46:09.716207-03:00","ip":"170.233.106.38","ultima_edicao":"2023-03-21T13:46:09.107118-03:00","tipo":4,"regime_tramitacao":1,"tipo_origem_externa":null,"local_origem_externa":null,"user":44,"anexadas":[],"autores":[11,7]}