{"id":8151,"__str__":"Indica\u00e7\u00e3o n\u00ba 4 de 2023","link_detail_backend":"/materia/8151","metadata":{},"numero":4,"ano":2023,"numero_protocolo":5,"data_apresentacao":"2023-02-16","tipo_apresentacao":"E","data_publicacao":null,"numero_origem_externa":"","ano_origem_externa":null,"data_origem_externa":null,"apelido":"","dias_prazo":null,"data_fim_prazo":null,"em_tramitacao":false,"polemica":false,"objeto":"","complementar":false,"ementa":"Solicita a reitera\u00e7\u00e3o da indica\u00e7\u00e3o 008/2022, que realize estudos objetivando viabilizar a reforma da Pra\u00e7a de Santa Branca no Terceiro Distrito, com a implanta\u00e7\u00e3o de Academia ao Ar Livre, paisagismo, ilumina\u00e7\u00e3o, obedecendo os padr\u00f5es urban\u00edsticos do nosso munic\u00edpio.","indexacao":"","observacao":"","resultado":"","texto_original":"http://sapl.miguelpereira.rj.leg.br/media/sapl/public/materialegislativa/2023/8151/ind_004_2023_mongin.pdf","data_ultima_atualizacao":"2023-02-17T13:38:57.241731-03:00","ip":"170.233.106.38","ultima_edicao":"2023-02-17T13:23:57.176139-03:00","tipo":7,"regime_tramitacao":1,"tipo_origem_externa":null,"local_origem_externa":null,"user":44,"anexadas":[],"autores":[125]}