{"id":6822,"__str__":"Indica\u00e7\u00e3o n\u00ba 14 de 2022","link_detail_backend":"/materia/6822","metadata":{},"numero":14,"ano":2022,"numero_protocolo":18,"data_apresentacao":"2022-02-21","tipo_apresentacao":"","data_publicacao":null,"numero_origem_externa":"","ano_origem_externa":null,"data_origem_externa":null,"apelido":"","dias_prazo":null,"data_fim_prazo":null,"em_tramitacao":false,"polemica":false,"objeto":"","complementar":false,"ementa":"Solicita a constru\u00e7\u00e3o de gavetas verticais e reforma na Capela existente do Cemit\u00e9rio de Conrado - 3\u00ba Distrito.","indexacao":"","observacao":"","resultado":"","texto_original":"http://sapl.miguelpereira.rj.leg.br/media/sapl/public/materialegislativa/2022/6822/ind_014_2022_wania_.pdf","data_ultima_atualizacao":"2022-02-24T10:14:06.466552-03:00","ip":"170.233.104.132","ultima_edicao":"2022-02-24T10:14:06.367036-03:00","tipo":7,"regime_tramitacao":1,"tipo_origem_externa":null,"local_origem_externa":null,"user":1,"anexadas":[],"autores":[2]}