{"id":298,"__str__":"Projeto de Resolu\u00e7\u00e3o n\u00ba 258 de 2019","link_detail_backend":"/materia/298","metadata":{},"numero":258,"ano":2019,"numero_protocolo":null,"data_apresentacao":"2019-11-14","tipo_apresentacao":"E","data_publicacao":null,"numero_origem_externa":"","ano_origem_externa":null,"data_origem_externa":null,"apelido":"","dias_prazo":null,"data_fim_prazo":null,"em_tramitacao":false,"polemica":null,"objeto":"","complementar":null,"ementa":"Autoriza a viagem dos vereadores Cl\u00e9ber Ferreira e Vitor Ralha para a cidade de Bras\u00edlia/DF, para tratar de assuntos de interesse do Munic\u00edpio e d\u00e1 outras provid\u00eancias.","indexacao":"","observacao":"","resultado":"","texto_original":null,"data_ultima_atualizacao":"2019-11-18T14:02:18.424851-03:00","ip":"170.233.106.99","ultima_edicao":null,"tipo":6,"regime_tramitacao":3,"tipo_origem_externa":null,"local_origem_externa":null,"user":1,"anexadas":[],"autores":[117]}