{"id":10343,"__str__":"Mo\u00e7\u00e3o n\u00ba 8 de 2026","link_detail_backend":"/materia/10343","metadata":{},"numero":8,"ano":2026,"numero_protocolo":37,"data_apresentacao":"2026-04-06","tipo_apresentacao":"E","data_publicacao":null,"numero_origem_externa":"","ano_origem_externa":null,"data_origem_externa":null,"apelido":"","dias_prazo":null,"data_fim_prazo":null,"em_tramitacao":true,"polemica":false,"objeto":"","complementar":false,"ementa":"Mo\u00e7\u00e3o de Aplausos encaminhada a Sra. Fab\u00edola Silveira, por sua atua\u00e7\u00e3o na educa\u00e7\u00e3o inclusiva.","indexacao":"","observacao":"","resultado":"","texto_original":"http://sapl.miguelpereira.rj.leg.br/media/sapl/public/materialegislativa/2026/10343/moc_008_2026_josi.pdf","data_ultima_atualizacao":"2026-04-07T13:52:56.704450-03:00","ip":"170.233.105.193","ultima_edicao":"2026-04-07T13:52:56.463720-03:00","tipo":8,"regime_tramitacao":1,"tipo_origem_externa":null,"local_origem_externa":null,"user":44,"anexadas":[],"autores":[143]}