{"id":73,"__str__":"Parecer - CFO de 16/12/2019 por Comiss\u00e3o de Finan\u00e7as e Or\u00e7amento","link_detail_backend":"/materia/documentoacessorio/73","metadata":{},"nome":"CFO","data":"2019-12-16","autor":"Comiss\u00e3o de Finan\u00e7as e Or\u00e7amento","ementa":"Parecer favor\u00e1vel.","indexacao":"","arquivo":"http://sapl.miguelpereira.rj.leg.br/media/sapl/public/documentoacessorio/2019/73/cfo_par_plc_282_2019.pdf","data_ultima_atualizacao":"2019-12-19T15:22:21.744338-03:00","materia":952,"tipo":7}