{"id":68,"__str__":"Parecer - CJR de 16/12/2019 por Comiss\u00e3o Justi\u00e7a e Reda\u00e7\u00e3o","link_detail_backend":"/materia/documentoacessorio/68","metadata":{},"nome":"CJR","data":"2019-12-16","autor":"Comiss\u00e3o Justi\u00e7a e Reda\u00e7\u00e3o","ementa":"Parecer favor\u00e1vel.","indexacao":"","arquivo":"http://sapl.miguelpereira.rj.leg.br/media/sapl/public/documentoacessorio/2019/68/cjr_par_plc_280_2019.pdf","data_ultima_atualizacao":"2019-12-19T15:16:47.143833-03:00","materia":915,"tipo":7}