{"id":66,"__str__":"Parecer - CFO de 16/12/2019 por Comiss\u00e3o de Finan\u00e7as e Or\u00e7amento","link_detail_backend":"/materia/documentoacessorio/66","metadata":{},"nome":"CFO","data":"2019-12-16","autor":"Comiss\u00e3o de Finan\u00e7as e Or\u00e7amento","ementa":"Parecer favor\u00e1vel.","indexacao":"","arquivo":"http://sapl.miguelpereira.rj.leg.br/media/sapl/public/documentoacessorio/2019/66/cfo_par_plo_278_2019.pdf","data_ultima_atualizacao":"2019-12-19T15:13:37.916664-03:00","materia":913,"tipo":7}