{"id":39,"__str__":"Parecer - CJR de 09/12/2019 por Comiss\u00e3o Justi\u00e7a e Reda\u00e7\u00e3o","link_detail_backend":"/materia/documentoacessorio/39","metadata":{},"nome":"CJR","data":"2019-12-09","autor":"Comiss\u00e3o Justi\u00e7a e Reda\u00e7\u00e3o","ementa":"Parecer favor\u00e1vel.","indexacao":"","arquivo":"http://sapl.miguelpereira.rj.leg.br/media/sapl/public/documentoacessorio/2019/39/cjr_par_pre_270_2019.pdf","data_ultima_atualizacao":"2019-12-11T14:47:00.894232-03:00","materia":677,"tipo":7}