{"id":38,"__str__":"Parecer - CFO de 09/12/2019 por Comiss\u00e3o de Finan\u00e7as e Or\u00e7amento","link_detail_backend":"/materia/documentoacessorio/38","metadata":{},"nome":"CFO","data":"2019-12-09","autor":"Comiss\u00e3o de Finan\u00e7as e Or\u00e7amento","ementa":"Parecer favor\u00e1vel.","indexacao":"","arquivo":"http://sapl.miguelpereira.rj.leg.br/media/sapl/public/documentoacessorio/2019/38/cfo_par_pre_271_2019.pdf","data_ultima_atualizacao":"2019-12-11T14:46:03.617717-03:00","materia":768,"tipo":7}