{"id":32,"__str__":"Parecer - CJR de 02/12/2019 por Comiss\u00e3o Justi\u00e7a e Reda\u00e7\u00e3o","link_detail_backend":"/materia/documentoacessorio/32","metadata":{},"nome":"CJR","data":"2019-12-02","autor":"Comiss\u00e3o Justi\u00e7a e Reda\u00e7\u00e3o","ementa":"Parecer favor\u00e1vel.","indexacao":"","arquivo":"http://sapl.miguelpereira.rj.leg.br/media/sapl/public/documentoacessorio/2019/32/cjr_par_plo_263_2019.pdf","data_ultima_atualizacao":"2019-12-03T13:44:18.519373-03:00","materia":523,"tipo":7}