{"id":30,"__str__":"Parecer - CJR de 22/11/2019 por Comiss\u00e3o Justi\u00e7a e Reda\u00e7\u00e3o","link_detail_backend":"/materia/documentoacessorio/30","metadata":{},"nome":"CJR","data":"2019-11-22","autor":"Comiss\u00e3o Justi\u00e7a e Reda\u00e7\u00e3o","ementa":"Parecer favor\u00e1vel.","indexacao":"","arquivo":"http://sapl.miguelpereira.rj.leg.br/media/sapl/public/documentoacessorio/2019/30/cjr_par_plo_261_2019.pdf","data_ultima_atualizacao":"2019-12-03T13:39:55.718640-03:00","materia":522,"tipo":7}