{"id":2,"__str__":"Parecer - CJR de 21/10/2019 por Comiss\u00e3o Justi\u00e7a e Reda\u00e7\u00e3o","link_detail_backend":"/materia/documentoacessorio/2","metadata":{},"nome":"CJR","data":"2019-10-21","autor":"Comiss\u00e3o Justi\u00e7a e Reda\u00e7\u00e3o","ementa":"Parecer da CJR.","indexacao":"","arquivo":"http://sapl.miguelpereira.rj.leg.br/media/sapl/public/documentoacessorio/2019/2/cjr_par_pdl_241_2019.pdf","data_ultima_atualizacao":"2019-10-22T17:47:41.521363-03:00","materia":3,"tipo":7}