{"id":2337,"__str__":"Parecer - CJR de 21/09/2023 por Comiss\u00e3o de Justi\u00e7a e Reda\u00e7\u00e3o","link_detail_backend":"/materia/documentoacessorio/2337","metadata":{},"nome":"CJR","data":"2023-09-21","autor":"Comiss\u00e3o de Justi\u00e7a e Reda\u00e7\u00e3o","ementa":"Parecer favor\u00e1vel \u00e0 tramita\u00e7\u00e3o do Projeto.","indexacao":"","arquivo":"http://sapl.miguelpereira.rj.leg.br/media/sapl/public/documentoacessorio/2023/2337/cfo_par_plo_164_2023.pdf","data_ultima_atualizacao":"2023-09-22T12:57:21.595516-03:00","materia":8549,"tipo":7}